{"id":3844,"date":"2017-02-13T11:11:01","date_gmt":"2017-02-13T10:11:01","guid":{"rendered":"https:\/\/rami-system.es\/?p=3844"},"modified":"2022-06-20T15:27:03","modified_gmt":"2022-06-20T13:27:03","slug":"salon-de-la-climatizacion-2017-madrid-spain","status":"publish","type":"post","link":"https:\/\/rami-system.es\/en\/salon-de-la-climatizacion-2017-madrid-spain\/","title":{"rendered":"Sal\u00f3n de la Climatizaci\u00f3n 2017 | Madrid | Spain"},"content":{"rendered":"<div class=\"wpb-content-wrapper\"><p>[vc_row css=&#8221;.vc_custom_1453128198958{margin-bottom: 0px !important;}&#8221;][vc_column][vc_column_text]<img decoding=\"async\" class=\"alignnone wp-image-3847\" src=\"https:\/\/rami-system.es\/wp-content\/uploads\/2019\/08\/if_104758.jpg\" alt=\"\" width=\"264\" height=\"88\" title=\"\" srcset=\"https:\/\/rami-system.es\/wp-content\/uploads\/2019\/08\/if_104758.jpg 600w, https:\/\/rami-system.es\/wp-content\/uploads\/2019\/08\/if_104758-300x100.jpg 300w\" sizes=\"(max-width: 264px) 100vw, 264px\" \/><\/p>\n<p>In this edition of the \u201cSal\u00f3n de CLIMATIZACI\u00d3N Y REFRIGERACI\u00d3N\u201d in Madrid, Spain, RAMI-SYSTEM\u00ae will have a stand with a sample of the best components for air conditioning ducts.<\/p>\n<p>It will be a pleasure to show you the quality of our RAMI-SYSTEM\u00ae products at our stand and explain all the solutions and variants that meet your requirements.<\/p>\n<p>Do not forget to greet us at the RAMI-SYSTEM\u00ae stand, we hope to see you there.[\/vc_column_text][\/vc_column][\/vc_row][vc_row css=&#8221;.vc_custom_1453128316492{margin-bottom: 20px !important;}&#8221;][vc_column]<blockquote><p>Sal\u00f3n Climatizaci\u00f3n y Refrigeraci\u00f3n 2017 &#8211; Madrid &#8211; Spain.<\/p><\/blockquote>[\/vc_column][\/vc_row][vc_row css=&#8221;.vc_custom_1453128278552{margin-bottom: 0px !important;}&#8221;][vc_column][vc_column_text]Thanks to our visitors:<\/p>\n<p>The \u201cSal\u00f3n de Climatizaci\u00f3n y Refrigeraci\u00f3n 2017\u201d in Madrid has already finished and we thank you for having dedicated your time to visit our stand.<\/p>\n<p>We are very grateful that you were interested in our products and solutions for industrial air conditioning installations.<\/p>\n<p>It has been a pleasure to have the opportunity to meet you and exchange opinions about our products.<\/p>\n<p>Thanks to you, we are able to adjust to your needs and expectations that are crucial to developing a satisfactory product.<\/p>\n<p>If you need to expand the information provided in the stand, we invite you to contact our sales team: ventas@rami-system.es<\/p>\n<p>Thank you very much!<\/p>\n<p>Josep Ramisa<\/p>\n<p>CEO of NEU 6000, S.A.[\/vc_column_text][\/vc_column][\/vc_row]<\/p>\n<\/div>","protected":false},"excerpt":{"rendered":"<p>You will be able to count on the presence of our RAMI-SYSTEM\u00ae brand one more year at the \u201cSal\u00f3n de CLIMATIZACI\u00d3N Y REFRIGERACI\u00d3N MADRID 2017\u201d trade show in Madrid in Spain.<\/p>\n","protected":false},"author":4,"featured_media":2209,"comment_status":"closed","ping_status":"open","sticky":false,"template":"","format":"standard","meta":{"footnotes":""},"categories":[65,61],"tags":[82,83,72],"class_list":["post-3844","post","type-post","status-publish","format-standard","has-post-thumbnail","hentry","category-air-conditioner","category-hvac-ventilation","tag-82","tag-83","tag-trade-show"],"_links":{"self":[{"href":"https:\/\/rami-system.es\/en\/wp-json\/wp\/v2\/posts\/3844","targetHints":{"allow":["GET"]}}],"collection":[{"href":"https:\/\/rami-system.es\/en\/wp-json\/wp\/v2\/posts"}],"about":[{"href":"https:\/\/rami-system.es\/en\/wp-json\/wp\/v2\/types\/post"}],"author":[{"embeddable":true,"href":"https:\/\/rami-system.es\/en\/wp-json\/wp\/v2\/users\/4"}],"replies":[{"embeddable":true,"href":"https:\/\/rami-system.es\/en\/wp-json\/wp\/v2\/comments?post=3844"}],"version-history":[{"count":1,"href":"https:\/\/rami-system.es\/en\/wp-json\/wp\/v2\/posts\/3844\/revisions"}],"predecessor-version":[{"id":6139,"href":"https:\/\/rami-system.es\/en\/wp-json\/wp\/v2\/posts\/3844\/revisions\/6139"}],"wp:featuredmedia":[{"embeddable":true,"href":"https:\/\/rami-system.es\/en\/wp-json\/wp\/v2\/media\/2209"}],"wp:attachment":[{"href":"https:\/\/rami-system.es\/en\/wp-json\/wp\/v2\/media?parent=3844"}],"wp:term":[{"taxonomy":"category","embeddable":true,"href":"https:\/\/rami-system.es\/en\/wp-json\/wp\/v2\/categories?post=3844"},{"taxonomy":"post_tag","embeddable":true,"href":"https:\/\/rami-system.es\/en\/wp-json\/wp\/v2\/tags?post=3844"}],"curies":[{"name":"wp","href":"https:\/\/api.w.org\/{rel}","templated":true}]}}